{"id":984,"date":"2025-02-15T21:02:35","date_gmt":"2025-02-15T20:02:35","guid":{"rendered":"http:\/\/kolorykrakowa.pl\/?p=984"},"modified":"2025-02-15T21:11:12","modified_gmt":"2025-02-15T20:11:12","slug":"bajkowy-mieszkaniec-antykwariatu","status":"publish","type":"post","link":"http:\/\/kolorykrakowa.pl\/index.php\/2025\/02\/15\/bajkowy-mieszkaniec-antykwariatu\/","title":{"rendered":"Bajkowy mieszkaniec antykwariatu"},"content":{"rendered":"\n<p>W magicznych pomieszczeniach Antykwariatu Abecad\u0142o przy ul. T.Ko\u015bciuszki 18\/U3 zawita\u0142a nowa posta\u0107. Przepi\u0119kne pomieszczenia dawnej apteki pod Anio\u0142em Str\u00f3\u017cem, kt\u00f3re obecnie wype\u0142niaj\u0105 tysi\u0105ce ksi\u0105\u017cek poznaje na swoim rowerze moja nowa autorska figurka. Zosta\u0142a ona wykonana na specjalne zam\u00f3wienie w\u0142a\u015bciciela antykwariatu &#8211; pana Antoniego.  Przedstawia ona posta\u0107 dobrze znan\u0105 mieszka\u0144com Krakowa. Chodzi o Szyszkodara, kt\u00f3ry s\u0142ynie z ratowania porzuconych ksi\u0105\u017cek i tworzenia plenerowych biblioteczek. Figurka powsta\u0142a z okazji 40. urodzin Szyszkodara. \u017bycz\u0119 w zwi\u0105zku z tym wszystkiego najlepszego Szyszkodarowi  a zw\u0142aszcza powodzenia w jego szlachetnej dzia\u0142alno\u015bci. Serdeczne \u017cyczenia kieruje te\u017c dla pana Antoniego St\u0105pora oraz wszystkich przyjaci\u00f3\u0142 Antykwariatu Abecad\u0142o.<\/p>\n\n\n\n<figure class=\"wp-block-image size-large\"><img loading=\"lazy\" width=\"768\" height=\"1024\" src=\"http:\/\/kolorykrakowa.pl\/wp-content\/uploads\/2025\/02\/20250214_173600-768x1024.jpg\" alt=\"\" class=\"wp-image-987\" srcset=\"http:\/\/kolorykrakowa.pl\/wp-content\/uploads\/2025\/02\/20250214_173600-768x1024.jpg 768w, http:\/\/kolorykrakowa.pl\/wp-content\/uploads\/2025\/02\/20250214_173600-225x300.jpg 225w, http:\/\/kolorykrakowa.pl\/wp-content\/uploads\/2025\/02\/20250214_173600-1152x1536.jpg 1152w, http:\/\/kolorykrakowa.pl\/wp-content\/uploads\/2025\/02\/20250214_173600-1536x2048.jpg 1536w, http:\/\/kolorykrakowa.pl\/wp-content\/uploads\/2025\/02\/20250214_173600-480x640.jpg 480w, http:\/\/kolorykrakowa.pl\/wp-content\/uploads\/2025\/02\/20250214_173600-scaled.jpg 1920w\" sizes=\"(max-width: 768px) 100vw, 768px\" \/><\/figure>\n\n\n\n<figure class=\"wp-block-image size-large\"><img loading=\"lazy\" width=\"1024\" height=\"768\" src=\"http:\/\/kolorykrakowa.pl\/wp-content\/uploads\/2025\/02\/20250214_171614-1024x768.jpg\" alt=\"\" class=\"wp-image-986\" srcset=\"http:\/\/kolorykrakowa.pl\/wp-content\/uploads\/2025\/02\/20250214_171614-1024x768.jpg 1024w, http:\/\/kolorykrakowa.pl\/wp-content\/uploads\/2025\/02\/20250214_171614-300x225.jpg 300w, http:\/\/kolorykrakowa.pl\/wp-content\/uploads\/2025\/02\/20250214_171614-768x576.jpg 768w, http:\/\/kolorykrakowa.pl\/wp-content\/uploads\/2025\/02\/20250214_171614-1536x1152.jpg 1536w, http:\/\/kolorykrakowa.pl\/wp-content\/uploads\/2025\/02\/20250214_171614-2048x1536.jpg 2048w, http:\/\/kolorykrakowa.pl\/wp-content\/uploads\/2025\/02\/20250214_171614-480x360.jpg 480w\" sizes=\"(max-width: 1024px) 100vw, 1024px\" \/><\/figure>\n","protected":false},"excerpt":{"rendered":"<p>W magicznych pomieszczeniach Antykwariatu Abecad\u0142o przy ul. T.Ko\u015bciuszki 18\/U3 zawita\u0142a nowa posta\u0107. Przepi\u0119kne pomieszczenia dawnej apteki pod Anio\u0142em Str\u00f3\u017cem, kt\u00f3re [&hellip;]<\/p>\n","protected":false},"author":1,"featured_media":0,"comment_status":"closed","ping_status":"closed","sticky":false,"template":"","format":"standard","meta":{"_mi_skip_tracking":false,"_monsterinsights_sitenote_active":false,"_monsterinsights_sitenote_note":"","_monsterinsights_sitenote_category":0},"categories":[1],"tags":[],"_links":{"self":[{"href":"http:\/\/kolorykrakowa.pl\/index.php\/wp-json\/wp\/v2\/posts\/984"}],"collection":[{"href":"http:\/\/kolorykrakowa.pl\/index.php\/wp-json\/wp\/v2\/posts"}],"about":[{"href":"http:\/\/kolorykrakowa.pl\/index.php\/wp-json\/wp\/v2\/types\/post"}],"author":[{"embeddable":true,"href":"http:\/\/kolorykrakowa.pl\/index.php\/wp-json\/wp\/v2\/users\/1"}],"replies":[{"embeddable":true,"href":"http:\/\/kolorykrakowa.pl\/index.php\/wp-json\/wp\/v2\/comments?post=984"}],"version-history":[{"count":3,"href":"http:\/\/kolorykrakowa.pl\/index.php\/wp-json\/wp\/v2\/posts\/984\/revisions"}],"predecessor-version":[{"id":990,"href":"http:\/\/kolorykrakowa.pl\/index.php\/wp-json\/wp\/v2\/posts\/984\/revisions\/990"}],"wp:attachment":[{"href":"http:\/\/kolorykrakowa.pl\/index.php\/wp-json\/wp\/v2\/media?parent=984"}],"wp:term":[{"taxonomy":"category","embeddable":true,"href":"http:\/\/kolorykrakowa.pl\/index.php\/wp-json\/wp\/v2\/categories?post=984"},{"taxonomy":"post_tag","embeddable":true,"href":"http:\/\/kolorykrakowa.pl\/index.php\/wp-json\/wp\/v2\/tags?post=984"}],"curies":[{"name":"wp","href":"https:\/\/api.w.org\/{rel}","templated":true}]}}