{"id":978,"date":"2024-12-31T15:04:45","date_gmt":"2024-12-31T14:04:45","guid":{"rendered":"http:\/\/kolorykrakowa.pl\/?p=978"},"modified":"2024-12-31T15:05:32","modified_gmt":"2024-12-31T14:05:32","slug":"moja-sszopka-na-znaczku","status":"publish","type":"post","link":"http:\/\/kolorykrakowa.pl\/index.php\/2024\/12\/31\/moja-sszopka-na-znaczku\/","title":{"rendered":"Moja szopka na znaczku"},"content":{"rendered":"\n<p>Mi\u0142o mi podzieli\u0107 si\u0119 wiadomo\u015bci\u0105, \u017ce szopka krakowska mojego autorstwa zosta\u0142a uwieczniona na znaczku wydanym w grudniu 2024 roku przez Poczt\u0119 Polsk\u0105. Wizerunek du\u017cej szopki, kt\u00f3r\u0105 wykona\u0142am w 2012 roku zosta\u0142 umieszczony na okoliczno\u015bciowej emisji znaczk\u00f3w zatytu\u0142owanej &#8222;Szopki bo\u017conarodzeniowe&#8221; Moja praca zosta\u0142a zaprezentowana w ramach tej emisji obok dw\u00f3ch innych szopek autorstwa Wies\u0142awa Barczewskiego i Dariusza Czy\u017ca. Znaczki posiadaj\u0105 nadrukowany znak op\u0142aty pocztowej. Jest to ju\u017c kolejna emisja znaczk\u00f3w pocztowych z szopkami krakowskimi. W 2022 roku na znaczkach pojawi\u0142y si\u0119 szopki Kazimierza Stopi\u0144skiego, J\u00f3zefa Madeja i Zbigniewa Gillerta. W 1974 roku wydany zosta\u0142 znaczek z szopk\u0105 autorstwa Franciszka Tarnowskiego. Wszystkie szopki pochodz\u0105 ze zbior\u00f3w Muzeum Krakowa.<\/p>\n\n\n\n<figure class=\"wp-block-image size-large is-resized\"><img loading=\"lazy\" src=\"http:\/\/kolorykrakowa.pl\/wp-content\/uploads\/2024\/12\/20241231_134823.jpg\" alt=\"\" class=\"wp-image-979\" width=\"463\" height=\"651\" srcset=\"http:\/\/kolorykrakowa.pl\/wp-content\/uploads\/2024\/12\/20241231_134823.jpg 643w, http:\/\/kolorykrakowa.pl\/wp-content\/uploads\/2024\/12\/20241231_134823-213x300.jpg 213w, http:\/\/kolorykrakowa.pl\/wp-content\/uploads\/2024\/12\/20241231_134823-480x676.jpg 480w\" sizes=\"(max-width: 463px) 100vw, 463px\" \/><figcaption>Arkusik znaczk\u00f3w pocztowych &#8222;Szopki bo\u017conarodzeniowe&#8221;<\/figcaption><\/figure>\n\n\n\n<p>Poczta Polska wyda\u0142a r\u00f3wnie\u017c koperty ze wspomnianymi znaczkami z pierwszego dnia obiegu (10.12.2024), na kt\u00f3rych, obok znaczk\u00f3w, reprodukowana jest szopka Jakuba Zawadzi\u0144skiego. <\/p>\n\n\n\n<figure class=\"wp-block-image size-large\"><img loading=\"lazy\" width=\"870\" height=\"604\" src=\"http:\/\/kolorykrakowa.pl\/wp-content\/uploads\/2024\/12\/20241231_134855.jpg\" alt=\"\" class=\"wp-image-980\" srcset=\"http:\/\/kolorykrakowa.pl\/wp-content\/uploads\/2024\/12\/20241231_134855.jpg 870w, http:\/\/kolorykrakowa.pl\/wp-content\/uploads\/2024\/12\/20241231_134855-300x208.jpg 300w, http:\/\/kolorykrakowa.pl\/wp-content\/uploads\/2024\/12\/20241231_134855-768x533.jpg 768w, http:\/\/kolorykrakowa.pl\/wp-content\/uploads\/2024\/12\/20241231_134855-480x333.jpg 480w\" sizes=\"(max-width: 870px) 100vw, 870px\" \/><figcaption>Koperta ze znaczkiem z moj\u0105 szopk\u0105 krakowsk\u0105 z pierwszego dnia obiegu.<\/figcaption><\/figure>\n","protected":false},"excerpt":{"rendered":"<p>Mi\u0142o mi podzieli\u0107 si\u0119 wiadomo\u015bci\u0105, \u017ce szopka krakowska mojego autorstwa zosta\u0142a uwieczniona na znaczku wydanym w grudniu 2024 roku przez [&hellip;]<\/p>\n","protected":false},"author":1,"featured_media":0,"comment_status":"closed","ping_status":"closed","sticky":false,"template":"","format":"standard","meta":{"_mi_skip_tracking":false,"_monsterinsights_sitenote_active":false,"_monsterinsights_sitenote_note":"","_monsterinsights_sitenote_category":0},"categories":[1],"tags":[],"_links":{"self":[{"href":"http:\/\/kolorykrakowa.pl\/index.php\/wp-json\/wp\/v2\/posts\/978"}],"collection":[{"href":"http:\/\/kolorykrakowa.pl\/index.php\/wp-json\/wp\/v2\/posts"}],"about":[{"href":"http:\/\/kolorykrakowa.pl\/index.php\/wp-json\/wp\/v2\/types\/post"}],"author":[{"embeddable":true,"href":"http:\/\/kolorykrakowa.pl\/index.php\/wp-json\/wp\/v2\/users\/1"}],"replies":[{"embeddable":true,"href":"http:\/\/kolorykrakowa.pl\/index.php\/wp-json\/wp\/v2\/comments?post=978"}],"version-history":[{"count":2,"href":"http:\/\/kolorykrakowa.pl\/index.php\/wp-json\/wp\/v2\/posts\/978\/revisions"}],"predecessor-version":[{"id":982,"href":"http:\/\/kolorykrakowa.pl\/index.php\/wp-json\/wp\/v2\/posts\/978\/revisions\/982"}],"wp:attachment":[{"href":"http:\/\/kolorykrakowa.pl\/index.php\/wp-json\/wp\/v2\/media?parent=978"}],"wp:term":[{"taxonomy":"category","embeddable":true,"href":"http:\/\/kolorykrakowa.pl\/index.php\/wp-json\/wp\/v2\/categories?post=978"},{"taxonomy":"post_tag","embeddable":true,"href":"http:\/\/kolorykrakowa.pl\/index.php\/wp-json\/wp\/v2\/tags?post=978"}],"curies":[{"name":"wp","href":"https:\/\/api.w.org\/{rel}","templated":true}]}}