{"id":699,"date":"2022-01-26T22:27:12","date_gmt":"2022-01-26T21:27:12","guid":{"rendered":"http:\/\/kolorykrakowa.pl\/?p=699"},"modified":"2022-01-30T00:30:02","modified_gmt":"2022-01-29T23:30:02","slug":"poczatek-nowego-cyklu-prac","status":"publish","type":"post","link":"http:\/\/kolorykrakowa.pl\/index.php\/2022\/01\/26\/poczatek-nowego-cyklu-prac\/","title":{"rendered":"Pocz\u0105tek nowego cyklu prac"},"content":{"rendered":"\n<p>W tym roku przez 12 miesi\u0119cy w dzienniku Kolory Krakowa, b\u0119d\u0119 umieszcza\u0142a relacje o post\u0119pie prac nad moim nowym projektem. Projekt oczywi\u015bcie zwi\u0105zany jest z budow\u0105 szopki krakowskiej, ale b\u0119dzie te\u017c zwi\u0105zany z tematem zielonej energii i zdrowego trybu \u017cycia. Projekt zostanie zrealizowany dzi\u0119ki wsparciu finansowym w ramach Stypendium Ministra Kultury i Dziedzictwa Narodowego.<\/p>\n\n\n\n<figure class=\"wp-block-image size-large\"><img loading=\"lazy\" width=\"960\" height=\"720\" src=\"http:\/\/kolorykrakowa.pl\/wp-content\/uploads\/2022\/01\/Resized_20220127_195009_4621.jpeg\" alt=\"\" class=\"wp-image-707\" srcset=\"http:\/\/kolorykrakowa.pl\/wp-content\/uploads\/2022\/01\/Resized_20220127_195009_4621.jpeg 960w, http:\/\/kolorykrakowa.pl\/wp-content\/uploads\/2022\/01\/Resized_20220127_195009_4621-300x225.jpeg 300w, http:\/\/kolorykrakowa.pl\/wp-content\/uploads\/2022\/01\/Resized_20220127_195009_4621-768x576.jpeg 768w, http:\/\/kolorykrakowa.pl\/wp-content\/uploads\/2022\/01\/Resized_20220127_195009_4621-480x360.jpeg 480w\" sizes=\"(max-width: 960px) 100vw, 960px\" \/><\/figure>\n\n\n\n<div class=\"wp-block-image\"><figure class=\"aligncenter size-large is-resized\"><img loading=\"lazy\" src=\"http:\/\/kolorykrakowa.pl\/wp-content\/uploads\/2022\/01\/MKiDN_kolor-1-1024x424.jpg\" alt=\"\" class=\"wp-image-709\" width=\"332\" height=\"137\" srcset=\"http:\/\/kolorykrakowa.pl\/wp-content\/uploads\/2022\/01\/MKiDN_kolor-1-1024x424.jpg 1024w, http:\/\/kolorykrakowa.pl\/wp-content\/uploads\/2022\/01\/MKiDN_kolor-1-300x124.jpg 300w, http:\/\/kolorykrakowa.pl\/wp-content\/uploads\/2022\/01\/MKiDN_kolor-1-768x318.jpg 768w, http:\/\/kolorykrakowa.pl\/wp-content\/uploads\/2022\/01\/MKiDN_kolor-1-480x199.jpg 480w, http:\/\/kolorykrakowa.pl\/wp-content\/uploads\/2022\/01\/MKiDN_kolor-1.jpg 1200w\" sizes=\"(max-width: 332px) 100vw, 332px\" \/><figcaption>Zrealizowano w ramach stypendium Ministra Kultury i Dziedzictwa Narodowego<\/figcaption><\/figure><\/div>\n","protected":false},"excerpt":{"rendered":"<p>W tym roku przez 12 miesi\u0119cy w dzienniku Kolory Krakowa, b\u0119d\u0119 umieszcza\u0142a relacje o post\u0119pie prac nad moim nowym projektem. [&hellip;]<\/p>\n","protected":false},"author":1,"featured_media":0,"comment_status":"open","ping_status":"open","sticky":false,"template":"","format":"standard","meta":{"_mi_skip_tracking":false,"_monsterinsights_sitenote_active":false,"_monsterinsights_sitenote_note":"","_monsterinsights_sitenote_category":0},"categories":[1],"tags":[],"_links":{"self":[{"href":"http:\/\/kolorykrakowa.pl\/index.php\/wp-json\/wp\/v2\/posts\/699"}],"collection":[{"href":"http:\/\/kolorykrakowa.pl\/index.php\/wp-json\/wp\/v2\/posts"}],"about":[{"href":"http:\/\/kolorykrakowa.pl\/index.php\/wp-json\/wp\/v2\/types\/post"}],"author":[{"embeddable":true,"href":"http:\/\/kolorykrakowa.pl\/index.php\/wp-json\/wp\/v2\/users\/1"}],"replies":[{"embeddable":true,"href":"http:\/\/kolorykrakowa.pl\/index.php\/wp-json\/wp\/v2\/comments?post=699"}],"version-history":[{"count":3,"href":"http:\/\/kolorykrakowa.pl\/index.php\/wp-json\/wp\/v2\/posts\/699\/revisions"}],"predecessor-version":[{"id":711,"href":"http:\/\/kolorykrakowa.pl\/index.php\/wp-json\/wp\/v2\/posts\/699\/revisions\/711"}],"wp:attachment":[{"href":"http:\/\/kolorykrakowa.pl\/index.php\/wp-json\/wp\/v2\/media?parent=699"}],"wp:term":[{"taxonomy":"category","embeddable":true,"href":"http:\/\/kolorykrakowa.pl\/index.php\/wp-json\/wp\/v2\/categories?post=699"},{"taxonomy":"post_tag","embeddable":true,"href":"http:\/\/kolorykrakowa.pl\/index.php\/wp-json\/wp\/v2\/tags?post=699"}],"curies":[{"name":"wp","href":"https:\/\/api.w.org\/{rel}","templated":true}]}}