{"id":342,"date":"2019-12-18T22:47:46","date_gmt":"2019-12-18T21:47:46","guid":{"rendered":"http:\/\/kolorykrakowa.pl\/?p=342"},"modified":"2020-01-18T23:49:10","modified_gmt":"2020-01-18T22:49:10","slug":"grzegorzki-maja-swoja-szopke-krakowska","status":"publish","type":"post","link":"http:\/\/kolorykrakowa.pl\/index.php\/2019\/12\/18\/grzegorzki-maja-swoja-szopke-krakowska\/","title":{"rendered":"Grzeg\u00f3rzki maj\u0105 swoj\u0105 szopk\u0119 krakowsk\u0105"},"content":{"rendered":"\n<p>\nPo wielu miesi\u0105cach pracy szopka grzeg\u00f3rzecka znalaz\u0142a swoje miejsce w \nsercu dawnych fabrycznych Grzeg\u00f3rzek. Mo\u017cna j\u0105 podziwia\u0107 na placu zabaw \nprzy al. Ignacego Daszy\u0144skiego. Najm\u0142odsi mog\u0105 \u0142atwo zajrze\u0107 do wn\u0119trza \nszopki, gdzie poruszaj\u0105 si\u0119 mechanizmy w fabryce czekoladek i rze\u017ani \nmiejskiej. Ka\u017cdy mo\u017ce podziwia\u0107 architektur\u0119 szopki, kt\u00f3ra \u0142\u0105czy \nnieistniej\u0105ce ju\u017c zabudowania fabryczne z zabytkowymi wie\u017cami ko\u015bcio\u0142\u00f3w z\n Weso\u0142ej, kopu\u0142\u0105 UEK, oknami z gmachu Hali Targowej i detalami z \ngrzeg\u00f3rzeckich kamienic. <br>Szopka jest pod\u015bwietlana i ruchoma po zmierzchu, gdy w\u0142\u0105czaj\u0105 si\u0119 pobliskie latarnie.<br>Wieczorem roz\u015bwietlon\u0105 szopk\u0119 mo\u017cna ju\u017c dostrzec z oddali z przystanku tramwajowego pod Hal\u0105 Targowej.<br>Szopk\u0119\n grzeg\u00f3rzeck\u0105 mo\u017cna podziwia\u0107 do 2 lutego 2020 roku. Zach\u0119cam r\u00f3wnie\u017c do\n ogl\u0105dania innych szopek umieszczonych w ramach projektu &#8222;Wok\u00f3\u0142 szopki&#8221; w\n przestrzeni miasta Krakowa. \n\n<\/p>\n\n\n\n<ul class=\"wp-block-gallery columns-3 is-cropped\"><li class=\"blocks-gallery-item\"><figure><img loading=\"lazy\" width=\"685\" height=\"1024\" src=\"http:\/\/kolorykrakowa.pl\/wp-content\/uploads\/2020\/01\/DSC_0085-685x1024.jpg\" alt=\"\" data-id=\"345\" data-link=\"http:\/\/kolorykrakowa.pl\/?attachment_id=345\" class=\"wp-image-345\" srcset=\"http:\/\/kolorykrakowa.pl\/wp-content\/uploads\/2020\/01\/DSC_0085-685x1024.jpg 685w, http:\/\/kolorykrakowa.pl\/wp-content\/uploads\/2020\/01\/DSC_0085-201x300.jpg 201w, http:\/\/kolorykrakowa.pl\/wp-content\/uploads\/2020\/01\/DSC_0085-480x717.jpg 480w, http:\/\/kolorykrakowa.pl\/wp-content\/uploads\/2020\/01\/DSC_0085.jpg 726w\" sizes=\"(max-width: 685px) 100vw, 685px\" \/><figcaption>Oto cz\u0119\u015b\u0107 fabryczna w szopce czterostronnej<\/figcaption><\/figure><\/li><li class=\"blocks-gallery-item\"><figure><img loading=\"lazy\" width=\"685\" height=\"1024\" src=\"http:\/\/kolorykrakowa.pl\/wp-content\/uploads\/2020\/01\/DSC_0088-685x1024.jpg\" alt=\"\" data-id=\"346\" data-link=\"http:\/\/kolorykrakowa.pl\/?attachment_id=346\" class=\"wp-image-346\" srcset=\"http:\/\/kolorykrakowa.pl\/wp-content\/uploads\/2020\/01\/DSC_0088-685x1024.jpg 685w, http:\/\/kolorykrakowa.pl\/wp-content\/uploads\/2020\/01\/DSC_0088-201x300.jpg 201w, http:\/\/kolorykrakowa.pl\/wp-content\/uploads\/2020\/01\/DSC_0088-480x717.jpg 480w, http:\/\/kolorykrakowa.pl\/wp-content\/uploads\/2020\/01\/DSC_0088.jpg 726w\" sizes=\"(max-width: 685px) 100vw, 685px\" \/><figcaption>Apollo Wyspia\u0144skiego w bramie Collegium Medicum przy ul. Grzeg\u00f3rzeckiej<\/figcaption><\/figure><\/li><li class=\"blocks-gallery-item\"><figure><img loading=\"lazy\" width=\"1024\" height=\"685\" src=\"http:\/\/kolorykrakowa.pl\/wp-content\/uploads\/2020\/01\/DSC_0097-1024x685.jpg\" alt=\"\" data-id=\"347\" data-link=\"http:\/\/kolorykrakowa.pl\/?attachment_id=347\" class=\"wp-image-347\" srcset=\"http:\/\/kolorykrakowa.pl\/wp-content\/uploads\/2020\/01\/DSC_0097-1024x685.jpg 1024w, http:\/\/kolorykrakowa.pl\/wp-content\/uploads\/2020\/01\/DSC_0097-300x201.jpg 300w, http:\/\/kolorykrakowa.pl\/wp-content\/uploads\/2020\/01\/DSC_0097-768x514.jpg 768w, http:\/\/kolorykrakowa.pl\/wp-content\/uploads\/2020\/01\/DSC_0097-480x321.jpg 480w, http:\/\/kolorykrakowa.pl\/wp-content\/uploads\/2020\/01\/DSC_0097.jpg 1046w\" sizes=\"(max-width: 1024px) 100vw, 1024px\" \/><figcaption>Go\u0142\u0119biarz spod Hali Targowej<\/figcaption><\/figure><\/li><li class=\"blocks-gallery-item\"><figure><img loading=\"lazy\" width=\"685\" height=\"1024\" src=\"http:\/\/kolorykrakowa.pl\/wp-content\/uploads\/2020\/01\/DSC_0102-685x1024.jpg\" alt=\"\" data-id=\"348\" data-link=\"http:\/\/kolorykrakowa.pl\/?attachment_id=348\" class=\"wp-image-348\" srcset=\"http:\/\/kolorykrakowa.pl\/wp-content\/uploads\/2020\/01\/DSC_0102-685x1024.jpg 685w, http:\/\/kolorykrakowa.pl\/wp-content\/uploads\/2020\/01\/DSC_0102-201x300.jpg 201w, http:\/\/kolorykrakowa.pl\/wp-content\/uploads\/2020\/01\/DSC_0102-480x717.jpg 480w, http:\/\/kolorykrakowa.pl\/wp-content\/uploads\/2020\/01\/DSC_0102.jpg 726w\" sizes=\"(max-width: 685px) 100vw, 685px\" \/><\/figure><\/li><\/ul>\n\n\n\n<p><\/p>\n","protected":false},"excerpt":{"rendered":"<p>Po wielu miesi\u0105cach pracy szopka grzeg\u00f3rzecka znalaz\u0142a swoje miejsce w sercu dawnych fabrycznych Grzeg\u00f3rzek. Mo\u017cna j\u0105 podziwia\u0107 na placu zabaw [&hellip;]<\/p>\n","protected":false},"author":1,"featured_media":0,"comment_status":"open","ping_status":"open","sticky":false,"template":"","format":"standard","meta":{"_mi_skip_tracking":false,"_monsterinsights_sitenote_active":false,"_monsterinsights_sitenote_note":"","_monsterinsights_sitenote_category":0},"categories":[1],"tags":[],"_links":{"self":[{"href":"http:\/\/kolorykrakowa.pl\/index.php\/wp-json\/wp\/v2\/posts\/342"}],"collection":[{"href":"http:\/\/kolorykrakowa.pl\/index.php\/wp-json\/wp\/v2\/posts"}],"about":[{"href":"http:\/\/kolorykrakowa.pl\/index.php\/wp-json\/wp\/v2\/types\/post"}],"author":[{"embeddable":true,"href":"http:\/\/kolorykrakowa.pl\/index.php\/wp-json\/wp\/v2\/users\/1"}],"replies":[{"embeddable":true,"href":"http:\/\/kolorykrakowa.pl\/index.php\/wp-json\/wp\/v2\/comments?post=342"}],"version-history":[{"count":2,"href":"http:\/\/kolorykrakowa.pl\/index.php\/wp-json\/wp\/v2\/posts\/342\/revisions"}],"predecessor-version":[{"id":350,"href":"http:\/\/kolorykrakowa.pl\/index.php\/wp-json\/wp\/v2\/posts\/342\/revisions\/350"}],"wp:attachment":[{"href":"http:\/\/kolorykrakowa.pl\/index.php\/wp-json\/wp\/v2\/media?parent=342"}],"wp:term":[{"taxonomy":"category","embeddable":true,"href":"http:\/\/kolorykrakowa.pl\/index.php\/wp-json\/wp\/v2\/categories?post=342"},{"taxonomy":"post_tag","embeddable":true,"href":"http:\/\/kolorykrakowa.pl\/index.php\/wp-json\/wp\/v2\/tags?post=342"}],"curies":[{"name":"wp","href":"https:\/\/api.w.org\/{rel}","templated":true}]}}