{"id":145,"date":"2019-10-31T17:43:10","date_gmt":"2019-10-31T16:43:10","guid":{"rendered":"http:\/\/kolorykrakowa.pl\/?p=145"},"modified":"2019-11-04T22:02:46","modified_gmt":"2019-11-04T21:02:46","slug":"szopka-grzegorzecka-w-jesiennych-kolorach","status":"publish","type":"post","link":"http:\/\/kolorykrakowa.pl\/index.php\/2019\/10\/31\/szopka-grzegorzecka-w-jesiennych-kolorach\/","title":{"rendered":"Szopka grzeg\u00f3rzecka w jesiennych kolorach"},"content":{"rendered":"\n<p>Mamy pe\u0142nie jesieni, a co za tym idzie czas przyspieszy\u0107 prac\u0119 nad szopk\u0105 grzeg\u00f3rzeck\u0105. Konstrukcja jest ju\u017c gotowa do oklejenia staniolem. Miejscem przeznaczenia szopki s\u0105 krakowskie ulice. B\u0119dzie ona sta\u0142a w gablocie na polu i co za tym idzie b\u0119dzie nara\u017cona na zmienne warunki pogodowe oraz du\u017c\u0105 wilgotno\u015b\u0107. Dlatego musia\u0142am zastosowa\u0107 w podstawie ci\u0119\u017ckie p\u0142yty OSB a tektur\u0119 zaimpregnowa\u0107. Szopka jest dzi\u0119ki temu wytrzyma\u0142a, ale jednocze\u015bnie bardzo ci\u0119\u017cka. W celu u\u0142atwienia jej transportu ka\u017cd\u0105 z kondygnacji szopki mo\u017cna zdemontowa\u0107 i przenosi\u0107 osobno. U\u0142atwi to te\u017c znacznie dost\u0119p do wn\u0119trza szopki, gdyby trzeba by\u0142o wymieni\u0107 \u017car\u00f3wki lub naprawi\u0107 mechanizm. <\/p>\n\n\n\n<p> Nadawanie barw szopce przez naklejanie fragment\u00f3w kolorowego staniolu (folii aluminiowej) to powolne zaj\u0119cie wymagaj\u0105ce precyzji i cierpliwo\u015bci, ale te\u017c przyp\u0142ywu odrobiny fantazji. Mniejsze elementy, jak he\u0142my wie\u017cyczek oklejam osobno. Stosuj\u0119 marszczony staniol, kt\u00f3ry wydaje mi si\u0119 sprawia\u0107 najszlachetniejsze wra\u017cenie ze wszystkich materia\u0142\u00f3w u\u017cywanych do zdobienia szopki. Szopka grzeg\u00f3rzecka otrzyma\u0142a ju\u017c zatem sw\u00f3j kszta\u0142t i kolorystyk\u0119. Przede mn\u0105 jednak nadal du\u017co pracy w kolejnych etapach. <br> Szopkowy czas nadchodzi szybkimi krokami.<\/p>\n\n\n\n<ul class=\"wp-block-gallery columns-3 is-cropped\"><li class=\"blocks-gallery-item\"><figure><a href=\"http:\/\/kolorykrakowa.pl\/wp-content\/uploads\/2019\/11\/1.-Konstrukcja-szopki-gotowa-do-oklejenia-kolorowym-staniolem..jpg\"><img loading=\"lazy\" width=\"648\" height=\"968\" src=\"http:\/\/kolorykrakowa.pl\/wp-content\/uploads\/2019\/11\/1.-Konstrukcja-szopki-gotowa-do-oklejenia-kolorowym-staniolem..jpg\" alt=\"\" data-id=\"146\" data-link=\"http:\/\/kolorykrakowa.pl\/?attachment_id=146\" class=\"wp-image-146\" srcset=\"http:\/\/kolorykrakowa.pl\/wp-content\/uploads\/2019\/11\/1.-Konstrukcja-szopki-gotowa-do-oklejenia-kolorowym-staniolem..jpg 648w, http:\/\/kolorykrakowa.pl\/wp-content\/uploads\/2019\/11\/1.-Konstrukcja-szopki-gotowa-do-oklejenia-kolorowym-staniolem.-201x300.jpg 201w, http:\/\/kolorykrakowa.pl\/wp-content\/uploads\/2019\/11\/1.-Konstrukcja-szopki-gotowa-do-oklejenia-kolorowym-staniolem.-480x717.jpg 480w\" sizes=\"(max-width: 648px) 100vw, 648px\" \/><\/a><figcaption> Konstrukcja szopki gotowa do oklejenia kolorowym staniolem. <\/figcaption><\/figure><\/li><li class=\"blocks-gallery-item\"><figure><a href=\"http:\/\/kolorykrakowa.pl\/wp-content\/uploads\/2019\/11\/2.-He\u0142my-wie\u017c-ko\u015bcio\u0142\u00f3w-z-ulicy-Kopernika.-Do-konstrukcji-zosta\u0142-u\u017cyty-drewniany-element-z-pewnej-gry.-Czy-wiecie-o-co-chodzi.jpg\"><img loading=\"lazy\" width=\"648\" height=\"968\" src=\"http:\/\/kolorykrakowa.pl\/wp-content\/uploads\/2019\/11\/2.-He\u0142my-wie\u017c-ko\u015bcio\u0142\u00f3w-z-ulicy-Kopernika.-Do-konstrukcji-zosta\u0142-u\u017cyty-drewniany-element-z-pewnej-gry.-Czy-wiecie-o-co-chodzi.jpg\" alt=\"\" data-id=\"147\" data-link=\"http:\/\/kolorykrakowa.pl\/?attachment_id=147\" class=\"wp-image-147\" srcset=\"http:\/\/kolorykrakowa.pl\/wp-content\/uploads\/2019\/11\/2.-He\u0142my-wie\u017c-ko\u015bcio\u0142\u00f3w-z-ulicy-Kopernika.-Do-konstrukcji-zosta\u0142-u\u017cyty-drewniany-element-z-pewnej-gry.-Czy-wiecie-o-co-chodzi.jpg 648w, http:\/\/kolorykrakowa.pl\/wp-content\/uploads\/2019\/11\/2.-He\u0142my-wie\u017c-ko\u015bcio\u0142\u00f3w-z-ulicy-Kopernika.-Do-konstrukcji-zosta\u0142-u\u017cyty-drewniany-element-z-pewnej-gry.-Czy-wiecie-o-co-chodzi-201x300.jpg 201w, http:\/\/kolorykrakowa.pl\/wp-content\/uploads\/2019\/11\/2.-He\u0142my-wie\u017c-ko\u015bcio\u0142\u00f3w-z-ulicy-Kopernika.-Do-konstrukcji-zosta\u0142-u\u017cyty-drewniany-element-z-pewnej-gry.-Czy-wiecie-o-co-chodzi-480x717.jpg 480w\" sizes=\"(max-width: 648px) 100vw, 648px\" \/><\/a><figcaption> He\u0142my wie\u017c ko\u015bcio\u0142\u00f3w z ulicy Kopernika. Do konstrukcji zosta\u0142 u\u017cyty drewniany element z pewnej gry. Czy wiecie o co chodzi?<\/figcaption><\/figure><\/li><li class=\"blocks-gallery-item\"><figure><a href=\"http:\/\/kolorykrakowa.pl\/wp-content\/uploads\/2019\/11\/3.-He\u0142m-najwy\u017cszej-wie\u017cy-na-Weso\u0142ej-przed-oklejeniem.jpg\"><img loading=\"lazy\" width=\"648\" height=\"968\" src=\"http:\/\/kolorykrakowa.pl\/wp-content\/uploads\/2019\/11\/3.-He\u0142m-najwy\u017cszej-wie\u017cy-na-Weso\u0142ej-przed-oklejeniem.jpg\" alt=\"\" data-id=\"148\" data-link=\"http:\/\/kolorykrakowa.pl\/?attachment_id=148\" class=\"wp-image-148\" srcset=\"http:\/\/kolorykrakowa.pl\/wp-content\/uploads\/2019\/11\/3.-He\u0142m-najwy\u017cszej-wie\u017cy-na-Weso\u0142ej-przed-oklejeniem.jpg 648w, http:\/\/kolorykrakowa.pl\/wp-content\/uploads\/2019\/11\/3.-He\u0142m-najwy\u017cszej-wie\u017cy-na-Weso\u0142ej-przed-oklejeniem-201x300.jpg 201w, http:\/\/kolorykrakowa.pl\/wp-content\/uploads\/2019\/11\/3.-He\u0142m-najwy\u017cszej-wie\u017cy-na-Weso\u0142ej-przed-oklejeniem-480x717.jpg 480w\" sizes=\"(max-width: 648px) 100vw, 648px\" \/><\/a><figcaption> He\u0142m najwy\u017cszej wie\u017cy na Weso\u0142ej przed oklejeniem <\/figcaption><\/figure><\/li><li class=\"blocks-gallery-item\"><figure><a href=\"http:\/\/kolorykrakowa.pl\/wp-content\/uploads\/2019\/11\/4.-Tak-prezentuje-si\u0119-he\u0142m-bazyliki-ojc\u00f3w-jezuit\u00f3w-po-ozdobieniu.jpg\"><img loading=\"lazy\" width=\"648\" height=\"968\" src=\"http:\/\/kolorykrakowa.pl\/wp-content\/uploads\/2019\/11\/4.-Tak-prezentuje-si\u0119-he\u0142m-bazyliki-ojc\u00f3w-jezuit\u00f3w-po-ozdobieniu.jpg\" alt=\"\" data-id=\"149\" data-link=\"http:\/\/kolorykrakowa.pl\/?attachment_id=149\" class=\"wp-image-149\" srcset=\"http:\/\/kolorykrakowa.pl\/wp-content\/uploads\/2019\/11\/4.-Tak-prezentuje-si\u0119-he\u0142m-bazyliki-ojc\u00f3w-jezuit\u00f3w-po-ozdobieniu.jpg 648w, http:\/\/kolorykrakowa.pl\/wp-content\/uploads\/2019\/11\/4.-Tak-prezentuje-si\u0119-he\u0142m-bazyliki-ojc\u00f3w-jezuit\u00f3w-po-ozdobieniu-201x300.jpg 201w, http:\/\/kolorykrakowa.pl\/wp-content\/uploads\/2019\/11\/4.-Tak-prezentuje-si\u0119-he\u0142m-bazyliki-ojc\u00f3w-jezuit\u00f3w-po-ozdobieniu-480x717.jpg 480w\" sizes=\"(max-width: 648px) 100vw, 648px\" \/><\/a><figcaption> Tak prezentuje si\u0119 he\u0142m bazyliki ojc\u00f3w jezuit\u00f3w po ozdobieniu <\/figcaption><\/figure><\/li><li class=\"blocks-gallery-item\"><figure><a href=\"http:\/\/kolorykrakowa.pl\/wp-content\/uploads\/2019\/11\/5.-\u015arodek-do-impregnacji.-Zapach-nie-nale\u017cy-do-najprzyjemniejszych.jpg\"><img loading=\"lazy\" width=\"648\" height=\"968\" src=\"http:\/\/kolorykrakowa.pl\/wp-content\/uploads\/2019\/11\/5.-\u015arodek-do-impregnacji.-Zapach-nie-nale\u017cy-do-najprzyjemniejszych.jpg\" alt=\"\" data-id=\"150\" data-link=\"http:\/\/kolorykrakowa.pl\/?attachment_id=150\" class=\"wp-image-150\" srcset=\"http:\/\/kolorykrakowa.pl\/wp-content\/uploads\/2019\/11\/5.-\u015arodek-do-impregnacji.-Zapach-nie-nale\u017cy-do-najprzyjemniejszych.jpg 648w, http:\/\/kolorykrakowa.pl\/wp-content\/uploads\/2019\/11\/5.-\u015arodek-do-impregnacji.-Zapach-nie-nale\u017cy-do-najprzyjemniejszych-201x300.jpg 201w, http:\/\/kolorykrakowa.pl\/wp-content\/uploads\/2019\/11\/5.-\u015arodek-do-impregnacji.-Zapach-nie-nale\u017cy-do-najprzyjemniejszych-480x717.jpg 480w\" sizes=\"(max-width: 648px) 100vw, 648px\" \/><\/a><figcaption> \u015arodek do impregnacji. Zapach nie nale\u017cy do najprzyjemniejszych <\/figcaption><\/figure><\/li><li class=\"blocks-gallery-item\"><figure><a href=\"http:\/\/kolorykrakowa.pl\/wp-content\/uploads\/2019\/11\/6.-Szopka-grzeg\u00f3rzecka-ju\u017c-w-swoich-ciep\u0142ych-barwach.jpg\"><img loading=\"lazy\" width=\"648\" height=\"968\" src=\"http:\/\/kolorykrakowa.pl\/wp-content\/uploads\/2019\/11\/6.-Szopka-grzeg\u00f3rzecka-ju\u017c-w-swoich-ciep\u0142ych-barwach.jpg\" alt=\"\" data-id=\"151\" data-link=\"http:\/\/kolorykrakowa.pl\/?attachment_id=151\" class=\"wp-image-151\" srcset=\"http:\/\/kolorykrakowa.pl\/wp-content\/uploads\/2019\/11\/6.-Szopka-grzeg\u00f3rzecka-ju\u017c-w-swoich-ciep\u0142ych-barwach.jpg 648w, http:\/\/kolorykrakowa.pl\/wp-content\/uploads\/2019\/11\/6.-Szopka-grzeg\u00f3rzecka-ju\u017c-w-swoich-ciep\u0142ych-barwach-201x300.jpg 201w, http:\/\/kolorykrakowa.pl\/wp-content\/uploads\/2019\/11\/6.-Szopka-grzeg\u00f3rzecka-ju\u017c-w-swoich-ciep\u0142ych-barwach-480x717.jpg 480w\" sizes=\"(max-width: 648px) 100vw, 648px\" \/><\/a><figcaption> Szopka grzeg\u00f3rzecka ju\u017c w swoich ciep\u0142ych barwach <\/figcaption><\/figure><\/li><\/ul>\n","protected":false},"excerpt":{"rendered":"<p>Mamy pe\u0142nie jesieni, a co za tym idzie czas przyspieszy\u0107 prac\u0119 nad szopk\u0105 grzeg\u00f3rzeck\u0105. Konstrukcja jest ju\u017c gotowa do oklejenia [&hellip;]<\/p>\n","protected":false},"author":1,"featured_media":0,"comment_status":"open","ping_status":"open","sticky":false,"template":"","format":"standard","meta":{"_mi_skip_tracking":false,"_monsterinsights_sitenote_active":false,"_monsterinsights_sitenote_note":"","_monsterinsights_sitenote_category":0},"categories":[1],"tags":[],"_links":{"self":[{"href":"http:\/\/kolorykrakowa.pl\/index.php\/wp-json\/wp\/v2\/posts\/145"}],"collection":[{"href":"http:\/\/kolorykrakowa.pl\/index.php\/wp-json\/wp\/v2\/posts"}],"about":[{"href":"http:\/\/kolorykrakowa.pl\/index.php\/wp-json\/wp\/v2\/types\/post"}],"author":[{"embeddable":true,"href":"http:\/\/kolorykrakowa.pl\/index.php\/wp-json\/wp\/v2\/users\/1"}],"replies":[{"embeddable":true,"href":"http:\/\/kolorykrakowa.pl\/index.php\/wp-json\/wp\/v2\/comments?post=145"}],"version-history":[{"count":7,"href":"http:\/\/kolorykrakowa.pl\/index.php\/wp-json\/wp\/v2\/posts\/145\/revisions"}],"predecessor-version":[{"id":234,"href":"http:\/\/kolorykrakowa.pl\/index.php\/wp-json\/wp\/v2\/posts\/145\/revisions\/234"}],"wp:attachment":[{"href":"http:\/\/kolorykrakowa.pl\/index.php\/wp-json\/wp\/v2\/media?parent=145"}],"wp:term":[{"taxonomy":"category","embeddable":true,"href":"http:\/\/kolorykrakowa.pl\/index.php\/wp-json\/wp\/v2\/categories?post=145"},{"taxonomy":"post_tag","embeddable":true,"href":"http:\/\/kolorykrakowa.pl\/index.php\/wp-json\/wp\/v2\/tags?post=145"}],"curies":[{"name":"wp","href":"https:\/\/api.w.org\/{rel}","templated":true}]}}